{"id":1,"date":"2023-10-20T00:48:00","date_gmt":"2023-10-20T00:48:00","guid":{"rendered":"https:\/\/dhmhukuk.com\/?p=1"},"modified":"2025-03-24T09:52:05","modified_gmt":"2025-03-24T09:52:05","slug":"hello-world","status":"publish","type":"post","link":"https:\/\/dhmhukuk.com\/?p=1","title":{"rendered":"Eyt Kapsam\u0131nda Emekli Edilen Ki\u015filerin Ya\u015fad\u0131klar\u0131  Ma\u011fduriyetler ve Emekliliklerinin \u0130ptali"},"content":{"rendered":"<p>03\/03\/2023 tarihli Resmi Gazetede yay\u0131mlanan 7438 say\u0131l\u0131 \u201cSosyal Sigortalar ve Genel Sa\u011fl\u0131k Sigortas\u0131 Kanunu ile 375 Say\u0131l\u0131 Kanun H\u00fckm\u00fcnde Kararnamede De\u011fi\u015fiklik Yap\u0131lmas\u0131na Dair Kanun\u201d ile 5510 say\u0131l\u0131 Sosyal Sigortalar ve Genel Sa\u011fl\u0131k Sigortas\u0131 Kanununa eklenen Ge\u00e7ici 95. Madde d\u00fczenlemesine g\u00f6re, bu maddenin y\u00fcr\u00fcrl\u00fck tarihinden (03.03.2023) sonra ayl\u0131k ba\u011flanmas\u0131 i\u00e7in talepte bulunanlardan;<\/p>\n<ol start=\"81\">\n<li><strong>a)<\/strong>(SSK) 506 say\u0131l\u0131 \u201cSosyal Sigortalar Kanunu\u2019nun Ge\u00e7ici-81.Maddesinin 1.F\u0131kras\u0131n\u0131n (B) bendi,<\/li>\n<li><strong>b)\u00a0<\/strong>(Ba\u011f-Kur) 1479 say\u0131l\u0131 \u201cEsnaf Ve Sanatkarlar Ve Di\u011fer Ba\u011f\u0131ms\u0131z \u00c7al\u0131\u015fanlar Sosyal Sigortalar Kurumu Kanunu\u2019nun Ge\u00e7ici-10.Maddesinin 2.F\u0131kras\u0131,<\/li>\n<li><strong>c)\u00a0<\/strong>(Tar\u0131m SSK) 2925 say\u0131l\u0131 \u201cTar\u0131m \u0130\u015f\u00e7ileri Sosyal Sigortalar Kanunu\u2019nun Ge\u00e7ici-2.Maddesinin (B) bendi,<\/li>\n<li><strong>d)\u00a0<\/strong>(<strong>Emekli<\/strong>Sand\u0131\u011f\u0131) 5434 say\u0131l\u0131 \u201cT\u00fcrkiye Cumhuriyeti\u00a0<strong>Emekli<\/strong>Sand\u0131\u011f\u0131 Kanunu\u2019nun Ge\u00e7ici-205.Maddesi,<\/li>\n<\/ol>\n<p>H\u00fck\u00fcmlerine g\u00f6re ya\u015fl\u0131l\u0131k veya\u00a0<strong>emekli<\/strong>\u00a0ayl\u0131\u011f\u0131 ba\u011flanacak olanlara, bu h\u00fck\u00fcmlerde belirtilen\u00a0<strong>ya\u015f d\u0131\u015f\u0131ndaki di\u011fer \u015fartlar\u0131 sa\u011flam\u0131\u015f olmalar\u0131 halinde\u00a0<\/strong>ya\u015fl\u0131l\u0131k veya\u00a0<strong>emekli<\/strong>\u00a0ayl\u0131\u011f\u0131 ba\u011flanabilecektir.<\/p>\n<p>03.03.2023 tarihinden sonra ya\u015f d\u0131\u015f\u0131ndaki di\u011fer \u015fartlar\u0131 sa\u011flam\u0131\u015f olmalar\u0131 halinde ya\u015fl\u0131l\u0131k ve emekli ayl\u0131\u011f\u0131 ba\u011flanabilecektir. Kamuoyunda EYT kanunu olarak bilinen bu kanunun yay\u0131nlanmas\u0131ndan sonra yakla\u015f\u0131k olarak 1.6 Milyon ki\u015fi emekli olabilmi\u015f ve emeklilik ve ya\u015fl\u0131l\u0131k ayl\u0131\u011f\u0131na hak kazanm\u0131\u015ft\u0131r.<\/p>\n<p><strong>\u00a0<\/strong><\/p>\n<p>Ancak baz\u0131 illerdeki SGK \u0130l M\u00fcd\u00fcrl\u00fckleri SOSYAL G\u00dcVENL\u0130K KURUMU BA\u015eKANLI\u011eI\u2019 n\u0131n 2013\/11 Say\u0131l\u0131 22\/2\/2013 tarihli Genelgesindeki \u201c<em>Bir i\u015fverenin i\u015fyerinde \u00fccret kar\u015f\u0131l\u0131\u011f\u0131 \u00e7al\u0131\u015fan ve \u00fccretleri i\u015fyeri kay\u0131t ve belgelerine usul\u00fcne uygun bir \u015fekilde intikal ettirilen e\u015f sigortal\u0131 say\u0131lacak, ancak herhangi bir \u00fccret \u00f6denmeyen e\u015f ise sigortal\u0131 say\u0131lmayacakt\u0131r. Kanunda i\u015fverenin i\u015fyerinde \u00e7al\u0131\u015fan \u00e7ocuklar\u0131, ana, baba ve karde\u015fleri i\u00e7in herhangi bir istisna h\u00fckm\u00fc yer almad\u0131\u011f\u0131ndan, i\u015fverenin h\u0131s\u0131mlar\u0131 hizmet akdine dayanarak \u00e7al\u0131\u015ft\u0131klar\u0131 takdirde sigortaya t\u00e2bi tutulacaklard\u0131r. Ancak, baba veya anas\u0131na ait i\u015fyerinde \u00e7al\u0131\u015fan m\u00fcmeyyiz k\u00fc\u00e7\u00fcklerin vasinin i\u015ftiraki ile yaz\u0131l\u0131 olarak yap\u0131lm\u0131\u015f ve hakim taraf\u0131ndan tasdik edilmi\u015f bir hizmet akdi mevcut olmad\u0131k\u00e7a sigortal\u0131 say\u0131lmalar\u0131na imkan bulunmamaktad\u0131r. Bununla beraber i\u015fverenin 18 ya\u015f\u0131n\u0131 bitirmi\u015f veya 18 ya\u015f\u0131ndan evvel evlendi\u011finden re\u015fit say\u0131lm\u0131\u015f \u00e7ocuklar\u0131 hizmet akdi mevcut ise sigortal\u0131 say\u0131lacaklard\u0131r<\/em>.\u201d Gerek\u00e7esi ile 18 ya\u015f\u0131ndan \u00f6nce ana veya babas\u0131n\u0131n yan\u0131nda sigortal\u0131 olan ki\u015filerin belirtilen genelge uyar\u0131nca sigortal\u0131 say\u0131lmad\u0131klar\u0131 ve bu sebeple bu ki\u015filerin hizmetlerini silebilmektedir. Hizmetleri silinen bu ki\u015filere \u00f6denen emekli maa\u015flar\u0131 geri istenebilmektedir. Ancak benzer bir uyu\u015fmazl\u0131kta Kamu Denet\u00e7ili\u011fi Kurumunun 2023\/3819- S. 26. 6335 say\u0131l\u0131 karar\u0131nda, b\u00f6yle bir durum olsa bile\u00a0 ba\u015fvuranla babas\u0131 aras\u0131ndaki i\u015f akdinin ge\u00e7ersizli\u011finin ancak tespit tarihinden itibaren etki do\u011furaca\u011f\u0131, ge\u00e7mi\u015fe etkili olmayaca\u011f\u0131, i\u015f ili\u015fkisi kurulduysa ve fiili \u00e7al\u0131\u015fma ger\u00e7ekle\u015ftiyse hizmet akdinin ge\u00e7ersizli\u011finden ba\u011f\u0131ms\u0131z olarak i\u015f\u00e7inin \u00e7al\u0131\u015fmas\u0131 kar\u015f\u0131l\u0131\u011f\u0131 olarak o ana kadar ortaya \u00e7\u0131kan haklar\u0131ndan yararlanmas\u0131 gerekti\u011fi, yani ge\u00e7ersizlik h\u00fckm\u00fcn\u00fcn ge\u00e7mi\u015fe d\u00f6n\u00fck olarak i\u015f\u00e7i aleyhine sonu\u00e7 do\u011furmayaca\u011f\u0131, aksi bir kabul\u00fcn i\u015f hukukunun ve kanunun i\u015f\u00e7inin korunmas\u0131 ama\u00e7lar\u0131yla \u00f6rt\u00fc\u015fmeyece\u011fi sonucuna ula\u015f\u0131lm\u0131\u015ft\u0131r.<\/p>\n<p>Dolay\u0131s\u0131yla Kamu Denet\u00e7ili\u011fi Kurumu\u2019 nun vermi\u015f oldu\u011fu kararda i\u015f\u00e7i lehine yorum ilkesi g\u00f6zetilmi\u015ftir. Kamu Denet\u00e7ili\u011fi Kurumu\u2019 nun an\u0131lan karar\u0131 a\u015fa\u011f\u0131da payla\u015f\u0131lm\u0131\u015ft\u0131r. Karara link \u00fczerinden ula\u015fabilirsiniz.<\/p>\n<p>Yukar\u0131da belirtilen nitelikte benzer bir konu ya\u015faman\u0131z durumunda konusunda uzman bir avukata dan\u0131\u015fman\u0131z tavsiye edilir. Zira her olay\u0131n \u00f6zelli\u011fine ve yap\u0131lan i\u015fleme g\u00f6re dava a\u00e7ma s\u00fcresi, dava a\u00e7\u0131lmas\u0131 gereken g\u00f6revli mahkeme de\u011fi\u015febilmektedir.<\/p>\n<p><a href=\"http:\/\/chrome-extension:\/\/efaidnbmnnnibpcajpcglclefindmkaj\/https:\/\/kararlar.ombudsman.gov.tr\/Arama\/Download?url=20221101\/224575\/Yayin\/Karar-2022-15986.pdf&amp;tarih=2023-03-27T09:52:11.833228\" data-wplink-url-error=\"true\">http:\/\/chrome-extension:\/\/efaidnbmnnnibpcajpcglclefindmkaj\/https:\/\/kararlar.ombudsman.gov.tr\/Arama\/Download?url=20221101\/224575\/Yayin\/Karar-2022-15986.pdf&amp;tarih=2023-03-27T09:52:11.833228<\/a><\/p>\n","protected":false},"excerpt":{"rendered":"<p>03\/03\/2023 tarihli Resmi Gazetede yay\u0131mlanan 7438 say\u0131l\u0131 \u201cSosyal Sigortalar ve Genel Sa\u011fl\u0131k Sigortas\u0131 Kanunu ile 375 Say\u0131l\u0131 Kanun H\u00fckm\u00fcnde Kararnamede De\u011fi\u015fiklik Yap\u0131lmas\u0131na Dair Kanun\u201d ile 5510 say\u0131l\u0131 Sosyal Sigortalar ve Genel Sa\u011fl\u0131k Sigortas\u0131 Kanununa eklenen Ge\u00e7ici 95. Madde d\u00fczenlemesine g\u00f6re, bu maddenin y\u00fcr\u00fcrl\u00fck tarihinden (03.03.2023) sonra ayl\u0131k ba\u011flanmas\u0131 i\u00e7in talepte bulunanlardan; a)(SSK) 506 say\u0131l\u0131 \u201cSosyal [&hellip;]<\/p>\n","protected":false},"author":1,"featured_media":233,"comment_status":"open","ping_status":"open","sticky":false,"template":"","format":"standard","meta":{"footnotes":""},"categories":[1],"tags":[],"_links":{"self":[{"href":"https:\/\/dhmhukuk.com\/index.php?rest_route=\/wp\/v2\/posts\/1"}],"collection":[{"href":"https:\/\/dhmhukuk.com\/index.php?rest_route=\/wp\/v2\/posts"}],"about":[{"href":"https:\/\/dhmhukuk.com\/index.php?rest_route=\/wp\/v2\/types\/post"}],"author":[{"embeddable":true,"href":"https:\/\/dhmhukuk.com\/index.php?rest_route=\/wp\/v2\/users\/1"}],"replies":[{"embeddable":true,"href":"https:\/\/dhmhukuk.com\/index.php?rest_route=%2Fwp%2Fv2%2Fcomments&post=1"}],"version-history":[{"count":5,"href":"https:\/\/dhmhukuk.com\/index.php?rest_route=\/wp\/v2\/posts\/1\/revisions"}],"predecessor-version":[{"id":252,"href":"https:\/\/dhmhukuk.com\/index.php?rest_route=\/wp\/v2\/posts\/1\/revisions\/252"}],"wp:featuredmedia":[{"embeddable":true,"href":"https:\/\/dhmhukuk.com\/index.php?rest_route=\/wp\/v2\/media\/233"}],"wp:attachment":[{"href":"https:\/\/dhmhukuk.com\/index.php?rest_route=%2Fwp%2Fv2%2Fmedia&parent=1"}],"wp:term":[{"taxonomy":"category","embeddable":true,"href":"https:\/\/dhmhukuk.com\/index.php?rest_route=%2Fwp%2Fv2%2Fcategories&post=1"},{"taxonomy":"post_tag","embeddable":true,"href":"https:\/\/dhmhukuk.com\/index.php?rest_route=%2Fwp%2Fv2%2Ftags&post=1"}],"curies":[{"name":"wp","href":"https:\/\/api.w.org\/{rel}","templated":true}]}}